{"id":9160,"date":"2024-11-13T13:24:08","date_gmt":"2024-11-13T12:24:08","guid":{"rendered":"https:\/\/www.purpan.fr\/?p=9160"},"modified":"2025-01-10T09:03:37","modified_gmt":"2025-01-10T08:03:37","slug":"operations-portes-ouvertes-inscrivez-vous-des-maintenant","status":"publish","type":"post","link":"https:\/\/www.purpan.fr\/en\/2024\/11\/13\/operations-portes-ouvertes-inscrivez-vous-des-maintenant\/","title":{"rendered":"Op\u00e9rations Portes Ouvertes : inscrivez-vous d\u00e8s maintenant !"},"content":{"rendered":"\n<p>Rendez-vous le samedi 14 d\u00e9cembre \u00e0 PURPAN pour notre premi\u00e8re journ\u00e9e portes ouvertes de l\u2019ann\u00e9e !<\/p>\n\n\n\n<p>L\u2019occasion de rencontrer les \u00e9tudiant(e)s et enseignant(e)s-chercheur(e)s de l\u2019\u00c9cole, visiter le campus et assister aux pr\u00e9sentations organis\u00e9es.<br>Ces temps d\u2019\u00e9changes vous permettront d\u2019avoir tous les renseignements sur nos programmes postbac et en admissions parall\u00e8les.<\/p>\n\n\n\n<p>Vous n\u2019\u00eates pas disponible le 14 d\u00e9cembre ? Pas de panique, nous proposons plusieurs portes ouvertes entre d\u00e9cembre et mars ainsi que diff\u00e9rents formats (journ\u00e9e, matin\u00e9e, apr\u00e8s-midi ou encore soir\u00e9e) :<\/p>\n\n\n\n<ul class=\"wp-block-list\">\n<li>Mercredi 15 janvier 2025 \u2013 Apr\u00e8s-midi Portes Ouvertes<\/li>\n\n\n\n<li>Jeudi 30 janvier 2025 \u2013 Soir\u00e9e Sp\u00e9ciale Alternance et Poursuites d\u2019\u00e9tudes<\/li>\n\n\n\n<li>Samedi 15 f\u00e9vrier 2025 \u2013 Journ\u00e9e Portes Ouvertes<\/li>\n\n\n\n<li>Samedi 1er mars 2025 \u2013 Matin\u00e9e Portes Ouvertes<\/li>\n\n\n\n<li>Mercredi 26 mars 2025 \u2013 Apr\u00e8s-midi Portes Ouvertes<\/li>\n<\/ul>\n\n\n\n<p>Les inscriptions aux op\u00e9rations portes ouvertes sont obligatoires. <a href=\"https:\/\/rencontrer.purpan.fr\/fr\/\" target=\"_blank\" rel=\"noreferrer noopener\">Pour vous inscrire, cliquez ici<\/a>. Via la page d\u00e9di\u00e9e de notre site internet, vous acc\u00e9derez ensuite \u00e0 la plateforme d\u2019inscription via le bouton \u201cs\u2019inscrire \u00e0 une op\u00e9ration portes ouvertes\u201d.<\/p>\n\n\n\n<p>N\u2019h\u00e9sitez pas \u00e0 nous contacter en message priv\u00e9 sur les r\u00e9seaux sociaux ou \u00e0 l\u2019adresse communication@purpan.fr si vous avez des questions.<\/p>\n\n\n\n<p>Nous avons h\u00e2te de vous accueillir \u00e0 PURPAN !<\/p>\n\n\n\n<p><\/p>\n","protected":false},"excerpt":{"rendered":"<p>Rendez-vous le samedi 14 d\u00e9cembre \u00e0 PURPAN pour notre premi\u00e8re journ\u00e9e portes ouvertes de l\u2019ann\u00e9e ! L\u2019occasion de rencontrer les \u00e9tudiant(e)s et enseignant(e)s-chercheur(e)s de l\u2019\u00c9cole, visiter le campus et assister aux pr\u00e9sentations organis\u00e9es.Ces temps d\u2019\u00e9changes vous permettront d\u2019avoir tous les renseignements sur nos programmes postbac et en admissions parall\u00e8les. Vous n\u2019\u00eates pas disponible le 14 [&hellip;]<\/p>\n","protected":false},"author":5,"featured_media":9161,"comment_status":"open","ping_status":"open","sticky":false,"template":"","format":"standard","meta":{"inline_featured_image":false,"footnotes":""},"categories":[51],"tags":[],"class_list":["post-9160","post","type-post","status-publish","format-standard","has-post-thumbnail","hentry","category-portes-ouvertes"],"_links":{"self":[{"href":"https:\/\/www.purpan.fr\/en\/wp-json\/wp\/v2\/posts\/9160","targetHints":{"allow":["GET"]}}],"collection":[{"href":"https:\/\/www.purpan.fr\/en\/wp-json\/wp\/v2\/posts"}],"about":[{"href":"https:\/\/www.purpan.fr\/en\/wp-json\/wp\/v2\/types\/post"}],"author":[{"embeddable":true,"href":"https:\/\/www.purpan.fr\/en\/wp-json\/wp\/v2\/users\/5"}],"replies":[{"embeddable":true,"href":"https:\/\/www.purpan.fr\/en\/wp-json\/wp\/v2\/comments?post=9160"}],"version-history":[{"count":3,"href":"https:\/\/www.purpan.fr\/en\/wp-json\/wp\/v2\/posts\/9160\/revisions"}],"predecessor-version":[{"id":10079,"href":"https:\/\/www.purpan.fr\/en\/wp-json\/wp\/v2\/posts\/9160\/revisions\/10079"}],"wp:featuredmedia":[{"embeddable":true,"href":"https:\/\/www.purpan.fr\/en\/wp-json\/wp\/v2\/media\/9161"}],"wp:attachment":[{"href":"https:\/\/www.purpan.fr\/en\/wp-json\/wp\/v2\/media?parent=9160"}],"wp:term":[{"taxonomy":"category","embeddable":true,"href":"https:\/\/www.purpan.fr\/en\/wp-json\/wp\/v2\/categories?post=9160"},{"taxonomy":"post_tag","embeddable":true,"href":"https:\/\/www.purpan.fr\/en\/wp-json\/wp\/v2\/tags?post=9160"}],"curies":[{"name":"wp","href":"https:\/\/api.w.org\/{rel}","templated":true}]}}