{"id":8635,"date":"2024-09-04T09:50:18","date_gmt":"2024-09-04T07:50:18","guid":{"rendered":"https:\/\/www.purpan.fr\/?p=8635"},"modified":"2024-09-19T09:50:45","modified_gmt":"2024-09-19T07:50:45","slug":"forum-des-entreprises-j-30","status":"publish","type":"post","link":"https:\/\/www.purpan.fr\/en\/2024\/09\/04\/forum-des-entreprises-j-30\/","title":{"rendered":"Forum des entreprises, J-30 !"},"content":{"rendered":"\n<p>Vous \u00eates Purpanais(es) fraichement dipl\u00f4m\u00e9(e)s ou \u00e9tudiant(e)s de 4\u00e8me ou 5\u00e8me ann\u00e9e et \u00eates en recherche d\u2019alternance, d\u2019un stage\u00a0ou d\u2019un premier emploi\u00a0? Venez \u00e0 la rencontre de nos entreprises partenaires\u00a0en vous inscrivant \u00e0 cette 25\u00e8me \u00e9dition du Forum des entreprises via le lien suivant (inscription n\u00e9cessaire uniquement pour les Alumni, dont les \u00e9tudiant(e)s de la promo 103) : <a href=\"https:\/\/lnkd.in\/gTC3Ghm9\">https:\/\/lnkd.in\/gTC3Ghm9<\/a><br><br>Une occasion unique de d\u00e9velopper votre r\u00e9seau, de rencontrer des professionnels, d\u2019\u00e9changer avec des Alumni (<a href=\"https:\/\/www.linkedin.com\/company\/purpan-alumni\/\">PURPAN ALUMNI<\/a>), d\u2019\u00e9largir votre connaissance des m\u00e9tiers et des fili\u00e8res&#8230;<br><strong><br>Quand\u00a0?<\/strong><br>Vendredi 4 octobre, de 9h30 \u00e0 17h<br><strong>O\u00f9\u00a0?<\/strong><br><a href=\"https:\/\/www.linkedin.com\/company\/ecole-d-ingenieurs-de-purpan\/\">Ecole d&#8217;Ing\u00e9nieurs de PURPAN<\/a> &#8211; Grand Hall<br><strong>Qui\u00a0sera pr\u00e9sent ?<\/strong><br>150 recruteurs \u00e0 la recherche de leur future p\u00e9pite<br><br>Nouveaut\u00e9 cette ann\u00e9e\u00a0: les \u00e9tudiant(e)s de 5\u00e8me ann\u00e9e auront l\u2019opportunit\u00e9 en amont de se pr\u00e9parer aux entretiens d\u2019embauche, de pitcher leur pr\u00e9sentation, gr\u00e2ce au soutien de cabinets de recrutement partenaire et de RH b\u00e9n\u00e9voles pour se pr\u00eater \u00e0 ces simulations.<br><br>L\u2019\u00e9quipe du Human Career Center se mobilise sur cet \u00e9v\u00e8nement pour faire rayonner l\u2019\u00e9cole et rapprocher un peu plus encore les jeunes du monde du travail.\u00a0Plus d\u2019infos \u00e0 venir sur les entreprises pr\u00e9sentes sur Purpan Network.<br><br>Photo\u00a0: Forum des entreprises 2023<\/p>\n\n\n\n<p><\/p>\n","protected":false},"excerpt":{"rendered":"<p>Vous \u00eates Purpanais(es) fraichement dipl\u00f4m\u00e9(e)s ou \u00e9tudiant(e)s de 4\u00e8me ou 5\u00e8me ann\u00e9e et \u00eates en recherche d\u2019alternance, d\u2019un stage\u00a0ou d\u2019un premier emploi\u00a0? Venez \u00e0 la rencontre de nos entreprises partenaires\u00a0en vous inscrivant \u00e0 cette 25\u00e8me \u00e9dition du Forum des entreprises via le lien suivant (inscription n\u00e9cessaire uniquement pour les Alumni, dont les \u00e9tudiant(e)s de la [&hellip;]<\/p>\n","protected":false},"author":5,"featured_media":8636,"comment_status":"open","ping_status":"open","sticky":false,"template":"","format":"standard","meta":{"inline_featured_image":false,"footnotes":""},"categories":[3],"tags":[],"class_list":["post-8635","post","type-post","status-publish","format-standard","has-post-thumbnail","hentry","category-actu-campus"],"_links":{"self":[{"href":"https:\/\/www.purpan.fr\/en\/wp-json\/wp\/v2\/posts\/8635","targetHints":{"allow":["GET"]}}],"collection":[{"href":"https:\/\/www.purpan.fr\/en\/wp-json\/wp\/v2\/posts"}],"about":[{"href":"https:\/\/www.purpan.fr\/en\/wp-json\/wp\/v2\/types\/post"}],"author":[{"embeddable":true,"href":"https:\/\/www.purpan.fr\/en\/wp-json\/wp\/v2\/users\/5"}],"replies":[{"embeddable":true,"href":"https:\/\/www.purpan.fr\/en\/wp-json\/wp\/v2\/comments?post=8635"}],"version-history":[{"count":1,"href":"https:\/\/www.purpan.fr\/en\/wp-json\/wp\/v2\/posts\/8635\/revisions"}],"predecessor-version":[{"id":8638,"href":"https:\/\/www.purpan.fr\/en\/wp-json\/wp\/v2\/posts\/8635\/revisions\/8638"}],"wp:featuredmedia":[{"embeddable":true,"href":"https:\/\/www.purpan.fr\/en\/wp-json\/wp\/v2\/media\/8636"}],"wp:attachment":[{"href":"https:\/\/www.purpan.fr\/en\/wp-json\/wp\/v2\/media?parent=8635"}],"wp:term":[{"taxonomy":"category","embeddable":true,"href":"https:\/\/www.purpan.fr\/en\/wp-json\/wp\/v2\/categories?post=8635"},{"taxonomy":"post_tag","embeddable":true,"href":"https:\/\/www.purpan.fr\/en\/wp-json\/wp\/v2\/tags?post=8635"}],"curies":[{"name":"wp","href":"https:\/\/api.w.org\/{rel}","templated":true}]}}