{"id":14509,"date":"2025-11-27T14:59:36","date_gmt":"2025-11-27T13:59:36","guid":{"rendered":"https:\/\/www.purpan.fr\/?p=14509"},"modified":"2025-11-27T14:59:39","modified_gmt":"2025-11-27T13:59:39","slug":"conferences-svt-2026-purpan","status":"publish","type":"post","link":"https:\/\/www.purpan.fr\/en\/2025\/11\/27\/conferences-svt-2026-purpan\/","title":{"rendered":"Conf\u00e9rences SVT 2026 : PURPAN ouvre ses portes aux enseignants de sciences"},"content":{"rendered":"\n<p><strong>Les 28 janvier et 4 f\u00e9vrier 2026<\/strong>, notre \u00c9cole organise deux demi-journ\u00e9es de conf\u00e9rences scientifiques \u00e0 destination des enseignants de SVT et de disciplines scientifiques.<br>Ces rencontres visent \u00e0 renforcer les liens entre l\u2019enseignement secondaire et l\u2019enseignement sup\u00e9rieur agricole, tout en valorisant les pratiques p\u00e9dagogiques innovantes et les travaux de recherche men\u00e9s \u00e0 PURPAN.<\/p>\n\n\n\n<p>Nous invitons chaleureusement les enseignants \u00e0 participer \u00e0 ces moments privil\u00e9gi\u00e9s d\u2019\u00e9changes et de d\u00e9couverte, et \u00e0 diffuser l\u2019information aupr\u00e8s de leurs coll\u00e8gues.<\/p>\n\n\n\n<h4 class=\"wp-block-heading has-gris-color has-text-color has-link-color wp-elements-af14fb2308de2ee8f35b8f6ddb47b11e\"><strong>\u00c0 Lamothe \u2013 Une immersion au c\u0153ur de la ferme exp\u00e9rimentale<\/strong><\/h4>\n\n\n\n<p>Le site de Lamothe offre un cadre p\u00e9dagogique unique, au plus pr\u00e8s des r\u00e9alit\u00e9s agricoles et des enjeux de transition. Lieu d\u2019exp\u00e9rimentation, de recherche appliqu\u00e9e et espace de sensibilisation avec le PURPAN Agri Tour, il constitue un support exceptionnel pour illustrer les th\u00e9matiques SVT actuelles : biodiversit\u00e9, \u00e9nergies renouvelables, agro\u00e9cologie, alimentation\u2026<\/p>\n\n\n\n<p>Au programme de cette demi-journ\u00e9e :<\/p>\n\n\n\n<ul class=\"wp-block-list\">\n<li><strong>Atelier 1 \u2013 La biodiversit\u00e9 \u00e0 port\u00e9e de campus<\/strong><br><em>Herv\u00e9 Brustel, enseignant-chercheur<\/em> <em>&#8211; <em><a href=\"https:\/\/www.purpan.fr\/enseignant\/herve-brustel\/\" target=\"_blank\" rel=\"noreferrer noopener\">cliquez ici pour en savoir plus<\/a><\/em><\/em><\/li>\n\n\n\n<li><strong>Atelier 2 \u2013 Un \u00e9dulcorant naturel issu de la Stevia<\/strong><br><em>Cyril Libourel, enseignant-chercheur &#8211; <a href=\"https:\/\/www.purpan.fr\/enseignant\/cyril-libourel\/\" target=\"_blank\" rel=\"noreferrer noopener\">cliquez ici pour en savoir plus<\/a><\/em><\/li>\n\n\n\n<li><strong>Atelier 3 \u2013 Valorisation de la biomasse<\/strong><br><em>Nicolas Beaufils, enseignant en chimie<\/em> <em>&#8211; <a href=\"https:\/\/www.purpan.fr\/enseignant\/nicolas-beaufils\/\" target=\"_blank\" rel=\"noreferrer noopener\">cliquez ici pour en savoir plus<\/a><\/em><\/li>\n\n\n\n<li><strong>Atelier 4 \u2013 Tanins et qualit\u00e9 des vins rouges : comment les moduler ?<\/strong><br><em>Marianne Gosset, enseignante-chercheuse<\/em> <em>&#8211; <a href=\"https:\/\/www.purpan.fr\/enseignant\/marianne-gosset\/\" target=\"_blank\" rel=\"noreferrer noopener\">cliquez ici pour en savoir plus<\/a><\/em><\/li>\n<\/ul>\n\n\n\n<p><\/p>\n\n\n\n<p>Implant\u00e9e depuis 1973, l\u2019exploitation agricole de PURPAN est l\u2019une des rares fermes exp\u00e9rimentales appartenant \u00e0 une \u00e9cole d\u2019ing\u00e9nieurs.<br>Elle accueille notamment <strong>120 vaches laiti\u00e8res<\/strong>, <strong>250 hectares de cultures<\/strong> (ma\u00efs, bl\u00e9, tournesol, soja\u2026) et depuis 2020, <strong>des ruches p\u00e9dagogiques<\/strong> permettant de sensibiliser les \u00e9tudiants et visiteurs aux enjeux de biodiversit\u00e9. <a href=\"https:\/\/www.purpan.fr\/les-campus\/campus-de-lamothe\/\" target=\"_blank\" rel=\"noreferrer noopener\">Cliquez ici pour en savoir plus.<\/a><\/p>\n\n\n\n<p><\/p>\n\n\n\n<p>Informations pratiques : <br>\ud83d\udcc5 Mercredi 28 janvier 2026<br>\ud83d\udccd Site de Lamothe \u2013 Seysses (20km de Toulouse)<br>\ud83d\udd50 13h00 : accueil \/ 13h30\u201316h30 : conf\u00e9rences<\/p>\n\n\n\n<p><a href=\"https:\/\/cloud3.eudonet.com\/app\/frm?tok=A49A0937&amp;cs=vae1AH_qP8g7oA5JpMtMBpcrFfb_HrUw&amp;p=FADLrnyeeUhrVkqLWCOdn1nFYSyVQhbEdLKZXDY3zuo%3d\" target=\"_blank\" rel=\"noreferrer noopener\">\ud83d\udc49 <strong>Inscrivez-vous en cliquant ici<\/strong><\/a><\/p>\n\n\n\n<div style=\"height:40px\" aria-hidden=\"true\" class=\"wp-block-spacer\"><\/div>\n\n\n\n<h4 class=\"wp-block-heading has-gris-color has-text-color has-link-color wp-elements-9fa794daf8f4c44245bd96c12a9c62d8\"><strong>\u00c0 Toulouse \u2013 Sciences, recherche et innovation \u00e0 PURPAN<\/strong><\/h4>\n\n\n\n<p>Cette seconde demi-journ\u00e9e mettra en lumi\u00e8re la diversit\u00e9 des domaines de recherche de PURPAN : physico-chimie, t\u00e9l\u00e9d\u00e9tection, agro\u00e9cologie, interactions biologiques, sciences sociales\u2026<\/p>\n\n\n\n<p>Au programme de cette demi-journ\u00e9e :<\/p>\n\n\n\n<ul class=\"wp-block-list\">\n<li><strong>Atelier 1 \u2013 Processus physiques et physico-chimiques en SVT<\/strong><br><em>Fabienne Bessac, enseignante-chercheuse<\/em> <em>&#8211; <a href=\"https:\/\/www.purpan.fr\/enseignant\/fabienne-bessac\/\" target=\"_blank\" rel=\"noreferrer noopener\">cliquez ici pour en savoir plus<\/a><\/em><\/li>\n\n\n\n<li><strong>Atelier 2 \u2013 La t\u00e9l\u00e9d\u00e9tection pour le suivi de l\u2019agriculture et de la for\u00eat<\/strong><br><em>Jean-Philippe Denux, enseignant-chercheur<\/em> <em>&#8211; <a href=\"https:\/\/www.purpan.fr\/enseignant\/jean-philippe-denux\/\" target=\"_blank\" rel=\"noreferrer noopener\">cliquez ici pour en savoir plus<\/a><\/em><\/li>\n\n\n\n<li><strong>Atelier 3 \u2013 Solutions alternatives aux produits phytosanitaires<\/strong><br><em>Marielle Pag\u00e8s-Homs, enseignante-chercheuse<\/em> <em>&#8211; <a href=\"https:\/\/www.purpan.fr\/enseignant\/marielle-pages-homs\/\" target=\"_blank\" rel=\"noreferrer noopener\">cliquez ici pour en savoir plus<\/a><\/em><\/li>\n\n\n\n<li><strong>Atelier 4 \u2013 Interactions plante-microorganisme<\/strong><br><em>Jacques Alban, enseignant-chercheur<\/em> <em>&#8211; <a href=\"https:\/\/www.purpan.fr\/en\/enseignant\/alban-jacques\/\" target=\"_blank\" rel=\"noreferrer noopener\">cliquez ici pour en savoir plus<\/a><\/em><\/li>\n\n\n\n<li><strong>Atelier 5 \u2013 Faire de la recherche en sciences sociales en \u00e9cole d\u2019ing\u00e9nieurs<\/strong><br><em>Alexis Annes, enseignant-chercheur<\/em> <em>&#8211; <a href=\"https:\/\/www.purpan.fr\/enseignant\/annes-alexis\/\" target=\"_blank\" rel=\"noreferrer noopener\">cliquez ici pour en savoir plus<\/a><\/em><\/li>\n<\/ul>\n\n\n\n<p><\/p>\n\n\n\n<p>Informations pratiques : <br>\ud83d\udcc5 Mercredi 4 f\u00e9vrier 2026<br>\ud83d\udccd \u00c9cole d\u2019Ing\u00e9nieurs de PURPAN \u2013 Toulouse<br>\ud83d\udd50 13h00 : accueil \/ 13h30\u201316h30 : conf\u00e9rences<\/p>\n\n\n\n<p><a href=\"https:\/\/cloud3.eudonet.com\/app\/frm?tok=A49A0937&amp;cs=vae1AH_qP8g7oA5JpMtMBtOVLb0dO92Y&amp;p=FADLrnyeeUg1MhtFoTfeDpe9mkroSajufv1n7lfMqtk%3d\" target=\"_blank\" rel=\"noreferrer noopener\">\ud83d\udc49 <strong>Cliquez ici pour vous inscrire<\/strong><\/a><\/p>\n\n\n\n<div style=\"height:40px\" aria-hidden=\"true\" class=\"wp-block-spacer\"><\/div>\n\n\n\n<h4 class=\"wp-block-heading has-gris-color has-text-color has-link-color wp-elements-3dfd5ef080d84ff963e14054105f810c\"><strong>Deux rendez-vous pour d\u00e9couvrir PURPAN autrement<\/strong><\/h4>\n\n\n\n<p>Ces \u00e9v\u00e9nements sont l\u2019occasion, pour les enseignants du secondaire, de :<\/p>\n\n\n\n<ul class=\"wp-block-list\">\n<li class=\"has-gris-color has-text-color has-link-color wp-elements-6eaa7ebe97030653d42b0f9e26e8fdc0\">s\u2019informer sur des sujets scientifiques actuels et appliqu\u00e9s,<\/li>\n\n\n\n<li class=\"has-gris-color has-text-color has-link-color wp-elements-97bc22aef06b40581195e97a8d8504bc\">d\u00e9couvrir des outils p\u00e9dagogiques exploitables en cours de SVT,<\/li>\n\n\n\n<li class=\"has-gris-color has-text-color has-link-color wp-elements-91f5c746b889f73683db6e5127abb543\">\u00e9changer avec les enseignants-chercheurs de PURPAN,<\/li>\n\n\n\n<li class=\"has-gris-color has-text-color has-link-color wp-elements-7c3d30104b7bc06a074617a5b0059f12\">mieux conna\u00eetre les voies d\u2019orientation en sciences du vivant, agriculture, environnement et alimentation.<br><\/li>\n<\/ul>\n\n\n\n<p><\/p>\n\n\n\n<p>Nous vous attendons nombreuses et nombreux pour ces rendez-vous scientifiques au c\u0153ur des transitions agricoles et environnementales.<\/p>\n","protected":false},"excerpt":{"rendered":"<p>Les 28 janvier et 4 f\u00e9vrier 2026, notre \u00c9cole organise deux demi-journ\u00e9es de conf\u00e9rences scientifiques \u00e0 destination des enseignants de SVT et de disciplines scientifiques.Ces rencontres visent \u00e0 renforcer les liens entre l\u2019enseignement secondaire et l\u2019enseignement sup\u00e9rieur agricole, tout en valorisant les pratiques p\u00e9dagogiques innovantes et les travaux de recherche men\u00e9s \u00e0 PURPAN. Nous invitons [&hellip;]<\/p>\n","protected":false},"author":5,"featured_media":14533,"comment_status":"open","ping_status":"open","sticky":false,"template":"","format":"standard","meta":{"inline_featured_image":false,"footnotes":""},"categories":[55],"tags":[],"class_list":["post-14509","post","type-post","status-publish","format-standard","has-post-thumbnail","hentry","category-conferences-scientifiques"],"_links":{"self":[{"href":"https:\/\/www.purpan.fr\/en\/wp-json\/wp\/v2\/posts\/14509","targetHints":{"allow":["GET"]}}],"collection":[{"href":"https:\/\/www.purpan.fr\/en\/wp-json\/wp\/v2\/posts"}],"about":[{"href":"https:\/\/www.purpan.fr\/en\/wp-json\/wp\/v2\/types\/post"}],"author":[{"embeddable":true,"href":"https:\/\/www.purpan.fr\/en\/wp-json\/wp\/v2\/users\/5"}],"replies":[{"embeddable":true,"href":"https:\/\/www.purpan.fr\/en\/wp-json\/wp\/v2\/comments?post=14509"}],"version-history":[{"count":17,"href":"https:\/\/www.purpan.fr\/en\/wp-json\/wp\/v2\/posts\/14509\/revisions"}],"predecessor-version":[{"id":14527,"href":"https:\/\/www.purpan.fr\/en\/wp-json\/wp\/v2\/posts\/14509\/revisions\/14527"}],"wp:featuredmedia":[{"embeddable":true,"href":"https:\/\/www.purpan.fr\/en\/wp-json\/wp\/v2\/media\/14533"}],"wp:attachment":[{"href":"https:\/\/www.purpan.fr\/en\/wp-json\/wp\/v2\/media?parent=14509"}],"wp:term":[{"taxonomy":"category","embeddable":true,"href":"https:\/\/www.purpan.fr\/en\/wp-json\/wp\/v2\/categories?post=14509"},{"taxonomy":"post_tag","embeddable":true,"href":"https:\/\/www.purpan.fr\/en\/wp-json\/wp\/v2\/tags?post=14509"}],"curies":[{"name":"wp","href":"https:\/\/api.w.org\/{rel}","templated":true}]}}