{"id":11368,"date":"2025-02-21T14:03:50","date_gmt":"2025-02-21T13:03:50","guid":{"rendered":"https:\/\/www.purpan.fr\/?p=11368"},"modified":"2025-02-21T14:04:37","modified_gmt":"2025-02-21T13:04:37","slug":"portes-ouvertes-il-est-encore-temps-de-decouvrir-notre-ecole","status":"publish","type":"post","link":"https:\/\/www.purpan.fr\/en\/2025\/02\/21\/portes-ouvertes-il-est-encore-temps-de-decouvrir-notre-ecole\/","title":{"rendered":"Portes Ouvertes : il est encore temps de d\u00e9couvrir notre \u00c9cole !"},"content":{"rendered":"\n<p>Voici les prochaines dates d\u2019Op\u00e9ration Portes Ouvertes \u00e0 PURPAN :<\/p>\n\n\n\n<p><strong>&#8211; Samedi 1er\u00a0mars 2025 \u00e0 9h30 et 11h \u2013 Matin\u00e9e Portes Ouvertes<br>&#8211; Mercredi 26 mars 2025 \u00e0 14h \u2013 Apr\u00e8s-midi Portes Ouvertes<\/strong><\/p>\n\n\n\n<p>Les inscriptions aux op\u00e9rations portes ouvertes sont obligatoires. Pour vous inscrire, nous vous remercions de bien vouloir cliquer sur le lien si dessous.<\/p>\n\n\n\n<div class=\"wp-block-buttons is-layout-flex wp-block-buttons-is-layout-flex\">\n<div class=\"wp-block-button\"><a class=\"wp-block-button__link wp-element-button\" href=\"https:\/\/rencontrer.purpan.fr\/fr\/\" target=\"_blank\" rel=\"noreferrer noopener\">S&#8217;inscrire \u00e0 une Op\u00e9ration Portes Ouvertes<\/a><\/div>\n<\/div>\n\n\n\n<div style=\"height:35px\" aria-hidden=\"true\" class=\"wp-block-spacer\"><\/div>\n\n\n\n<p>Vous ne pouvez pas vous d\u00e9placer pour venir visiter notre \u00c9cole ?<br>Pas de probl\u00e8me, nous avons le format qu\u2019il vous faut : Face \u00e0 PURPAN, des Portes Ouvertes 100% virtuelles, en direct sur Youtube !<br>Elles se d\u00e9rouleront<strong> le samedi 1er mars 2025 \u00e0 15h30 et sont sans inscription.<\/strong><\/p>\n\n\n\n<p>Pour acc\u00e9der au direct Youtube, il vous suffira de cliquer sur le lien ci-dessous le jour J.<\/p>\n\n\n\n<div class=\"wp-block-buttons is-layout-flex wp-block-buttons-is-layout-flex\">\n<div class=\"wp-block-button\"><a class=\"wp-block-button__link wp-element-button\" href=\"https:\/\/www.youtube.com\/live\/F3s1DVXEv3Q\" target=\"_blank\" rel=\"noreferrer noopener\">Acc\u00e9der au direct Youtube<\/a><\/div>\n<\/div>\n","protected":false},"excerpt":{"rendered":"<p>Voici les prochaines dates d\u2019Op\u00e9ration Portes Ouvertes \u00e0 PURPAN : &#8211; Samedi 1er\u00a0mars 2025 \u00e0 9h30 et 11h \u2013 Matin\u00e9e Portes Ouvertes&#8211; Mercredi 26 mars 2025 \u00e0 14h \u2013 Apr\u00e8s-midi Portes Ouvertes Les inscriptions aux op\u00e9rations portes ouvertes sont obligatoires. Pour vous inscrire, nous vous remercions de bien vouloir cliquer sur le lien si dessous. [&hellip;]<\/p>\n","protected":false},"author":5,"featured_media":11369,"comment_status":"closed","ping_status":"closed","sticky":false,"template":"","format":"standard","meta":{"inline_featured_image":false,"footnotes":""},"categories":[51],"tags":[],"class_list":["post-11368","post","type-post","status-publish","format-standard","has-post-thumbnail","hentry","category-portes-ouvertes"],"_links":{"self":[{"href":"https:\/\/www.purpan.fr\/en\/wp-json\/wp\/v2\/posts\/11368","targetHints":{"allow":["GET"]}}],"collection":[{"href":"https:\/\/www.purpan.fr\/en\/wp-json\/wp\/v2\/posts"}],"about":[{"href":"https:\/\/www.purpan.fr\/en\/wp-json\/wp\/v2\/types\/post"}],"author":[{"embeddable":true,"href":"https:\/\/www.purpan.fr\/en\/wp-json\/wp\/v2\/users\/5"}],"replies":[{"embeddable":true,"href":"https:\/\/www.purpan.fr\/en\/wp-json\/wp\/v2\/comments?post=11368"}],"version-history":[{"count":3,"href":"https:\/\/www.purpan.fr\/en\/wp-json\/wp\/v2\/posts\/11368\/revisions"}],"predecessor-version":[{"id":11373,"href":"https:\/\/www.purpan.fr\/en\/wp-json\/wp\/v2\/posts\/11368\/revisions\/11373"}],"wp:featuredmedia":[{"embeddable":true,"href":"https:\/\/www.purpan.fr\/en\/wp-json\/wp\/v2\/media\/11369"}],"wp:attachment":[{"href":"https:\/\/www.purpan.fr\/en\/wp-json\/wp\/v2\/media?parent=11368"}],"wp:term":[{"taxonomy":"category","embeddable":true,"href":"https:\/\/www.purpan.fr\/en\/wp-json\/wp\/v2\/categories?post=11368"},{"taxonomy":"post_tag","embeddable":true,"href":"https:\/\/www.purpan.fr\/en\/wp-json\/wp\/v2\/tags?post=11368"}],"curies":[{"name":"wp","href":"https:\/\/api.w.org\/{rel}","templated":true}]}}