{"id":10913,"date":"2025-01-24T17:45:47","date_gmt":"2025-01-24T16:45:47","guid":{"rendered":"https:\/\/www.purpan.fr\/?p=10913"},"modified":"2025-02-06T11:47:05","modified_gmt":"2025-02-06T10:47:05","slug":"redecouvrez-nos-portes-ouvertes-virtuelles","status":"publish","type":"post","link":"https:\/\/www.purpan.fr\/en\/2025\/01\/24\/redecouvrez-nos-portes-ouvertes-virtuelles\/","title":{"rendered":"(Re)d\u00e9couvrez nos portes ouvertes virtuelles"},"content":{"rendered":"\n<p>Vous aimeriez en savoir plus sur notre \u00c9cole avant de venir nous rencontrer \u201cen vrai\u201d ? \u00c7a tombe bien, nous avons ce qu\u2019il vous faut : nos Portes Ouvertes Virtuelles !<br><\/p>\n\n\n\n<p>Il s\u2019agit d\u2019une vid\u00e9o de 45mn anim\u00e9e par des \u00e9tudiant(e)s et avec l\u2019intervention de diff\u00e9rents interlocuteurs (le Directeur G\u00e9n\u00e9ral, les Responsables de Formations ou encore le Directeur des Admissions notamment). Pour la d\u00e9couvrir, <a href=\"https:\/\/www.youtube.com\/watch?v=ZW3YSr8pXms&amp;t\" target=\"_blank\" rel=\"noreferrer noopener\">cliquez sur ce lien.<\/a><br><br>Cette vid\u00e9o ne se substitue pas \u00e0 une rencontre lors d\u2019une Op\u00e9ration Portes Ouvertes : ce sont deux formats diff\u00e9rents et nous vous invitons \u00e0 venir visiter notre campus si cela est possible pour vous.<br><br>Nous vous souhaitons un bon visionnage !<\/p>\n\n\n\n<p><\/p>\n","protected":false},"excerpt":{"rendered":"<p>Vous aimeriez en savoir plus sur notre \u00c9cole avant de venir nous rencontrer \u201cen vrai\u201d ? \u00c7a tombe bien, nous avons ce qu\u2019il vous faut : nos Portes Ouvertes Virtuelles ! Il s\u2019agit d\u2019une vid\u00e9o de 45mn anim\u00e9e par des \u00e9tudiant(e)s et avec l\u2019intervention de diff\u00e9rents interlocuteurs (le Directeur G\u00e9n\u00e9ral, les Responsables de Formations ou [&hellip;]<\/p>\n","protected":false},"author":5,"featured_media":10914,"comment_status":"open","ping_status":"open","sticky":false,"template":"","format":"standard","meta":{"inline_featured_image":false,"footnotes":""},"categories":[51],"tags":[],"class_list":["post-10913","post","type-post","status-publish","format-standard","has-post-thumbnail","hentry","category-portes-ouvertes"],"_links":{"self":[{"href":"https:\/\/www.purpan.fr\/en\/wp-json\/wp\/v2\/posts\/10913","targetHints":{"allow":["GET"]}}],"collection":[{"href":"https:\/\/www.purpan.fr\/en\/wp-json\/wp\/v2\/posts"}],"about":[{"href":"https:\/\/www.purpan.fr\/en\/wp-json\/wp\/v2\/types\/post"}],"author":[{"embeddable":true,"href":"https:\/\/www.purpan.fr\/en\/wp-json\/wp\/v2\/users\/5"}],"replies":[{"embeddable":true,"href":"https:\/\/www.purpan.fr\/en\/wp-json\/wp\/v2\/comments?post=10913"}],"version-history":[{"count":2,"href":"https:\/\/www.purpan.fr\/en\/wp-json\/wp\/v2\/posts\/10913\/revisions"}],"predecessor-version":[{"id":10917,"href":"https:\/\/www.purpan.fr\/en\/wp-json\/wp\/v2\/posts\/10913\/revisions\/10917"}],"wp:featuredmedia":[{"embeddable":true,"href":"https:\/\/www.purpan.fr\/en\/wp-json\/wp\/v2\/media\/10914"}],"wp:attachment":[{"href":"https:\/\/www.purpan.fr\/en\/wp-json\/wp\/v2\/media?parent=10913"}],"wp:term":[{"taxonomy":"category","embeddable":true,"href":"https:\/\/www.purpan.fr\/en\/wp-json\/wp\/v2\/categories?post=10913"},{"taxonomy":"post_tag","embeddable":true,"href":"https:\/\/www.purpan.fr\/en\/wp-json\/wp\/v2\/tags?post=10913"}],"curies":[{"name":"wp","href":"https:\/\/api.w.org\/{rel}","templated":true}]}}