{"id":10552,"date":"2025-01-17T15:38:56","date_gmt":"2025-01-17T14:38:56","guid":{"rendered":"https:\/\/www.purpan.fr\/?p=10552"},"modified":"2025-01-17T15:38:58","modified_gmt":"2025-01-17T14:38:58","slug":"rendez-vous-mercredi-22-01-pour-echanger-en-live-avec-nos-equipes","status":"publish","type":"post","link":"https:\/\/www.purpan.fr\/en\/2025\/01\/17\/rendez-vous-mercredi-22-01-pour-echanger-en-live-avec-nos-equipes\/","title":{"rendered":"Rendez-vous mercredi 22\/01 pour \u00e9changer en live avec nos \u00e9quipes !"},"content":{"rendered":"\n<p>D\u00e9couvrez notre nouveau format \u201cFace \u00e0 PURPAN\u201d !<\/p>\n\n\n\n<p>Voici le concept, en quelques mots :<br>&#8211; Une diffusion en direct le mercredi 22 janvier \u00e0 18h<br>&#8211; Un format anim\u00e9 par le Directeur des Admissions, accompagn\u00e9 de diff\u00e9rents interlocuteurs (le Directeur G\u00e9n\u00e9ral ou encore les Responsables de Formations)<br>&#8211; Et toujours de l\u2019humain : l\u2019int\u00e9r\u00eat de ce direct consistera, pour les interlocuteurs, \u00e0 r\u00e9pondre aux questions pos\u00e9es par les participant(e)s (c\u2019est \u00e0 dire, vous !) via le chat.<\/p>\n\n\n\n<p>\u00c0 noter qu\u2019il n\u2019est pas n\u00e9cessaire de s\u2019inscrire pour y assister.<br>Cet \u00e9v\u00e8nement ne se substitue pas \u00e0 une rencontre lors d\u2019une Op\u00e9ration Portes Ouvertes : ce sont deux formats diff\u00e9rents et nous vous invitons \u00e0 venir visiter notre campus si cela est possible pour vous.<\/p>\n\n\n\n<p>Voici le lien Teams de cet \u00e9v\u00e8nement : <a href=\"https:\/\/l.facebook.com\/l.php?u=https%3A%2F%2Furlz.fr%2FtNsk%3Ffbclid%3DIwZXh0bgNhZW0CMTAAAR3_Ctvnv-NaoCmia3fSOh_reYzXxBoii87PifgxhUoUi0_BFNXIoV9Osk8_aem_gPeJsOk6r9N6WytOjEoFxQ&amp;h=AT14kOhFo2jRHZyxbxnyZ29bcPGUOTutuqA6G_1NvPVdUjwUGWHUNvouAaqboNGYNq3iEUYxGLrSXwyR3D8-V03usOsUGNQK6rJQb90b0QKRliEBYuaKH2QPu7PgNd6cFgtM&amp;__tn__=-UK-R&amp;c[0]=AT1HxUgrHDKcmZ2UsSH_QWkb1_-l6YKq_rTcXge9yPbY0GY-VzFVpccRUDch01KZxc5vBoMhXRyBSfAhuCNwhi_I49zxRL96FCd5dEJWi6pQfoXH54AP8-qo9BXkv6lYUdNKBjyEi81tHb-rYKThq0S6pInNzG3c6i0n2axffWWj\" target=\"_blank\" rel=\"noreferrer noopener\">https:\/\/urlz.fr\/tNsk<\/a><br>N\u2019h\u00e9sitez pas \u00e0 le garder de c\u00f4t\u00e9 pour acc\u00e9der au direct le jour J !<\/p>\n\n\n\n<p>Pour information, sur mobile, il est n\u00e9cessaire de se cr\u00e9er un compte Teams (si vous n\u2019en avez pas d\u00e9j\u00e0 un) afin d\u2019acc\u00e9der au direct. Pas d\u2019inqui\u00e9tude, la cr\u00e9ation de compte est rapide et gratuite.<\/p>\n\n\n\n<p>Nous avons h\u00e2te d\u2019\u00e9changer avec vous ! <\/p>\n\n\n\n<p><\/p>\n","protected":false},"excerpt":{"rendered":"<p>D\u00e9couvrez notre nouveau format \u201cFace \u00e0 PURPAN\u201d ! Voici le concept, en quelques mots :&#8211; Une diffusion en direct le mercredi 22 janvier \u00e0 18h&#8211; Un format anim\u00e9 par le Directeur des Admissions, accompagn\u00e9 de diff\u00e9rents interlocuteurs (le Directeur G\u00e9n\u00e9ral ou encore les Responsables de Formations)&#8211; Et toujours de l\u2019humain : l\u2019int\u00e9r\u00eat de ce direct [&hellip;]<\/p>\n","protected":false},"author":5,"featured_media":10553,"comment_status":"open","ping_status":"open","sticky":false,"template":"","format":"standard","meta":{"inline_featured_image":false,"footnotes":""},"categories":[51],"tags":[],"class_list":["post-10552","post","type-post","status-publish","format-standard","has-post-thumbnail","hentry","category-portes-ouvertes"],"_links":{"self":[{"href":"https:\/\/www.purpan.fr\/en\/wp-json\/wp\/v2\/posts\/10552","targetHints":{"allow":["GET"]}}],"collection":[{"href":"https:\/\/www.purpan.fr\/en\/wp-json\/wp\/v2\/posts"}],"about":[{"href":"https:\/\/www.purpan.fr\/en\/wp-json\/wp\/v2\/types\/post"}],"author":[{"embeddable":true,"href":"https:\/\/www.purpan.fr\/en\/wp-json\/wp\/v2\/users\/5"}],"replies":[{"embeddable":true,"href":"https:\/\/www.purpan.fr\/en\/wp-json\/wp\/v2\/comments?post=10552"}],"version-history":[{"count":1,"href":"https:\/\/www.purpan.fr\/en\/wp-json\/wp\/v2\/posts\/10552\/revisions"}],"predecessor-version":[{"id":10555,"href":"https:\/\/www.purpan.fr\/en\/wp-json\/wp\/v2\/posts\/10552\/revisions\/10555"}],"wp:featuredmedia":[{"embeddable":true,"href":"https:\/\/www.purpan.fr\/en\/wp-json\/wp\/v2\/media\/10553"}],"wp:attachment":[{"href":"https:\/\/www.purpan.fr\/en\/wp-json\/wp\/v2\/media?parent=10552"}],"wp:term":[{"taxonomy":"category","embeddable":true,"href":"https:\/\/www.purpan.fr\/en\/wp-json\/wp\/v2\/categories?post=10552"},{"taxonomy":"post_tag","embeddable":true,"href":"https:\/\/www.purpan.fr\/en\/wp-json\/wp\/v2\/tags?post=10552"}],"curies":[{"name":"wp","href":"https:\/\/api.w.org\/{rel}","templated":true}]}}